{"id":1327,"date":"2025-03-10T14:43:09","date_gmt":"2025-03-10T13:43:09","guid":{"rendered":"https:\/\/www.raavi-project.eu\/?p=1327"},"modified":"2025-03-11T10:24:28","modified_gmt":"2025-03-11T09:24:28","slug":"journee-de-lancement-de-raavi-repenser-lautodetermination-et-agir-pour-une-vie-inclusive","status":"publish","type":"post","link":"https:\/\/www.raavi-project.eu\/fr\/evenements\/journee-de-lancement-de-raavi-repenser-lautodetermination-et-agir-pour-une-vie-inclusive\/","title":{"rendered":"Journ\u00e9e de lancement de RAAVI &#8211; Repenser l&rsquo;Autod\u00e9termination et Agir pour une Vie Inclusive"},"content":{"rendered":"<p><strong>Rejoignez-nous pour le lancement du projet RAAVI : Repenser l\u2019Autod\u00e9termination, Agir pour une Vie Inclusive !<\/strong><\/p>\n<p>Ce projet franco-belge financ\u00e9 dans le cadre du programme INTERREG France-Wallonie-Vlaanderen vise \u00e0 soutenir l\u2019autod\u00e9termination des personnes en situation de handicap en s\u2019int\u00e9ressant aux pratiques professionnelles, manag\u00e9riales et organisationnelles : Pendant 4 ans, nous allons travailler avec des personnes concern\u00e9es, des professionnel\u00b7le\u00b7s, des chercheurs et chercheuses, des administrations pour proposer une nouvelle approche de l\u2019autod\u00e9termination, qui prend en compte tout l\u2019environnement des personnes en situation de handicap. Venez d\u00e9couvrir lors de cette journ\u00e9e de lancement le projet, ses axes de travail et comment y prendre part des deux c\u00f4t\u00e9s de la fronti\u00e8re franco-belge. Quels changements pour d\u00e9velopper un contexte favorisant vraiment l\u2019autod\u00e9termination ?<\/p>\n<h2>Infos pratiques<\/h2>\n<ul>\n<li><strong>Date<\/strong> : Jeudi 20 mars 2025 de 10h \u00e0 16h<\/li>\n<li><strong>Adresse <\/strong>:\u00a0 Campus Pont de Bois &#8211; Salle des colloques, Rue du Barreau, 59650, Villeneuve d&rsquo;Ascq, France<\/li>\n<li><strong>Invitation et programme<\/strong>\u00a0: en fichier attach\u00e9<\/li>\n<li><strong>Inscription <\/strong>(<em>gratuite mais obligatoire<\/em>) <a href=\"https:\/\/framaforms.org\/repenser-lautodetermination-et-agir-pour-une-vie-inclusive-1736784616\">via ce formulaire<\/a>.<\/li>\n<li>Une traduction simultan\u00e9e par audio-casques sera propos\u00e9e.<\/li>\n<li>Et l\u2019occasion pendant le d\u00e9jeuner (cocktail d\u00e9jeunatoire fourni sur place) de tisser des liens transfrontaliers.<\/li>\n<\/ul>\n","protected":false},"excerpt":{"rendered":"<p>Rejoignez-nous pour le lancement du projet RAAVI : Repenser l\u2019Autod\u00e9termination, Agir pour une Vie Inclusive ! Ce projet franco-belge financ\u00e9 dans le cadre du programme INTERREG France-Wallonie-Vlaanderen vise \u00e0 soutenir l\u2019autod\u00e9termination des personnes en situation de handicap en s\u2019int\u00e9ressant aux pratiques professionnelles, manag\u00e9riales et organisationnelles : Pendant 4 ans, nous allons travailler avec des personnes&hellip; <a class=\"continue\" href=\"https:\/\/www.raavi-project.eu\/fr\/evenements\/journee-de-lancement-de-raavi-repenser-lautodetermination-et-agir-pour-une-vie-inclusive\/\">Lire la suite<span> Journ\u00e9e de lancement de RAAVI &#8211; Repenser l&rsquo;Autod\u00e9termination et Agir pour une Vie Inclusive<\/span><\/a><\/p>\n","protected":false},"author":2,"featured_media":572,"comment_status":"open","ping_status":"open","sticky":false,"template":"","format":"standard","meta":{"_acf_changed":false,"footnotes":""},"categories":[2],"tags":[],"class_list":["post-1327","post","type-post","status-publish","format-standard","has-post-thumbnail","hentry","category-evenements"],"acf":[],"yoast_head":"<!-- This site is optimized with the Yoast SEO plugin v27.4 - https:\/\/yoast.com\/product\/yoast-seo-wordpress\/ -->\n<title>Journ\u00e9e de lancement de RAAVI - Repenser l&#039;Autod\u00e9termination et Agir pour une Vie Inclusive - RAAVI<\/title>\n<meta name=\"description\" content=\"Retour sur la journ\u00e9e de lancement du projet RAAVI : \u00e9changes, t\u00e9moignages et pr\u00e9sentations pour poser les bases d\u2019une nouvelle approche de l\u2019autod\u00e9termination dans le m\u00e9dico-social.\" \/>\n<meta name=\"robots\" content=\"index, follow, max-snippet:-1, max-image-preview:large, max-video-preview:-1\" \/>\n<link rel=\"canonical\" href=\"https:\/\/www.raavi-project.eu\/fr\/evenements\/journee-de-lancement-de-raavi-repenser-lautodetermination-et-agir-pour-une-vie-inclusive\/\" \/>\n<meta property=\"og:locale\" content=\"fr_FR\" \/>\n<meta property=\"og:type\" content=\"article\" \/>\n<meta property=\"og:title\" content=\"Journ\u00e9e de lancement de RAAVI - Repenser l&#039;Autod\u00e9termination et Agir pour une Vie Inclusive - RAAVI\" \/>\n<meta property=\"og:description\" content=\"Retour sur la journ\u00e9e de lancement du projet RAAVI : \u00e9changes, t\u00e9moignages et pr\u00e9sentations pour poser les bases d\u2019une nouvelle approche de l\u2019autod\u00e9termination dans le m\u00e9dico-social.\" \/>\n<meta property=\"og:url\" content=\"https:\/\/www.raavi-project.eu\/fr\/evenements\/journee-de-lancement-de-raavi-repenser-lautodetermination-et-agir-pour-une-vie-inclusive\/\" \/>\n<meta property=\"og:site_name\" content=\"RAAVI\" \/>\n<meta property=\"article:publisher\" content=\"https:\/\/www.facebook.com\/RAAVIproject\" \/>\n<meta property=\"article:published_time\" content=\"2025-03-10T13:43:09+00:00\" \/>\n<meta property=\"article:modified_time\" content=\"2025-03-11T09:24:28+00:00\" \/>\n<meta property=\"og:image\" content=\"https:\/\/www.raavi-project.eu\/wp-content\/uploads\/2025\/02\/pexels-marcus-aurelius-4064337-scaled.jpg\" \/>\n\t<meta property=\"og:image:width\" content=\"2560\" \/>\n\t<meta property=\"og:image:height\" content=\"1706\" \/>\n\t<meta property=\"og:image:type\" content=\"image\/jpeg\" \/>\n<meta name=\"author\" content=\"btourbier\" \/>\n<meta name=\"twitter:card\" content=\"summary_large_image\" \/>\n<script type=\"application\/ld+json\" class=\"yoast-schema-graph\">{\"@context\":\"https:\\\/\\\/schema.org\",\"@graph\":[{\"@type\":\"Article\",\"@id\":\"https:\\\/\\\/www.raavi-project.eu\\\/fr\\\/evenements\\\/journee-de-lancement-de-raavi-repenser-lautodetermination-et-agir-pour-une-vie-inclusive\\\/#article\",\"isPartOf\":{\"@id\":\"https:\\\/\\\/www.raavi-project.eu\\\/fr\\\/evenements\\\/journee-de-lancement-de-raavi-repenser-lautodetermination-et-agir-pour-une-vie-inclusive\\\/\"},\"author\":{\"name\":\"btourbier\",\"@id\":\"https:\\\/\\\/www.raavi-project.eu\\\/fr\\\/#\\\/schema\\\/person\\\/d95ee0cbd89fb043d42dfca079acdb21\"},\"headline\":\"Journ\u00e9e de lancement de RAAVI &#8211; Repenser l&rsquo;Autod\u00e9termination et Agir pour une Vie Inclusive\",\"datePublished\":\"2025-03-10T13:43:09+00:00\",\"dateModified\":\"2025-03-11T09:24:28+00:00\",\"mainEntityOfPage\":{\"@id\":\"https:\\\/\\\/www.raavi-project.eu\\\/fr\\\/evenements\\\/journee-de-lancement-de-raavi-repenser-lautodetermination-et-agir-pour-une-vie-inclusive\\\/\"},\"wordCount\":215,\"commentCount\":0,\"publisher\":{\"@id\":\"https:\\\/\\\/www.raavi-project.eu\\\/fr\\\/#organization\"},\"image\":{\"@id\":\"https:\\\/\\\/www.raavi-project.eu\\\/fr\\\/evenements\\\/journee-de-lancement-de-raavi-repenser-lautodetermination-et-agir-pour-une-vie-inclusive\\\/#primaryimage\"},\"thumbnailUrl\":\"https:\\\/\\\/www.raavi-project.eu\\\/wp-content\\\/uploads\\\/2025\\\/02\\\/pexels-marcus-aurelius-4064337-scaled.jpg\",\"articleSection\":[\"\u00c9v\u00e8nements\"],\"inLanguage\":\"fr-FR\",\"potentialAction\":[{\"@type\":\"CommentAction\",\"name\":\"Comment\",\"target\":[\"https:\\\/\\\/www.raavi-project.eu\\\/fr\\\/evenements\\\/journee-de-lancement-de-raavi-repenser-lautodetermination-et-agir-pour-une-vie-inclusive\\\/#respond\"]}]},{\"@type\":\"WebPage\",\"@id\":\"https:\\\/\\\/www.raavi-project.eu\\\/fr\\\/evenements\\\/journee-de-lancement-de-raavi-repenser-lautodetermination-et-agir-pour-une-vie-inclusive\\\/\",\"url\":\"https:\\\/\\\/www.raavi-project.eu\\\/fr\\\/evenements\\\/journee-de-lancement-de-raavi-repenser-lautodetermination-et-agir-pour-une-vie-inclusive\\\/\",\"name\":\"Journ\u00e9e de lancement de RAAVI - Repenser l'Autod\u00e9termination et Agir pour une Vie Inclusive - RAAVI\",\"isPartOf\":{\"@id\":\"https:\\\/\\\/www.raavi-project.eu\\\/fr\\\/#website\"},\"primaryImageOfPage\":{\"@id\":\"https:\\\/\\\/www.raavi-project.eu\\\/fr\\\/evenements\\\/journee-de-lancement-de-raavi-repenser-lautodetermination-et-agir-pour-une-vie-inclusive\\\/#primaryimage\"},\"image\":{\"@id\":\"https:\\\/\\\/www.raavi-project.eu\\\/fr\\\/evenements\\\/journee-de-lancement-de-raavi-repenser-lautodetermination-et-agir-pour-une-vie-inclusive\\\/#primaryimage\"},\"thumbnailUrl\":\"https:\\\/\\\/www.raavi-project.eu\\\/wp-content\\\/uploads\\\/2025\\\/02\\\/pexels-marcus-aurelius-4064337-scaled.jpg\",\"datePublished\":\"2025-03-10T13:43:09+00:00\",\"dateModified\":\"2025-03-11T09:24:28+00:00\",\"description\":\"Retour sur la journ\u00e9e de lancement du projet RAAVI : \u00e9changes, t\u00e9moignages et pr\u00e9sentations pour poser les bases d\u2019une nouvelle approche de l\u2019autod\u00e9termination dans le m\u00e9dico-social.\",\"breadcrumb\":{\"@id\":\"https:\\\/\\\/www.raavi-project.eu\\\/fr\\\/evenements\\\/journee-de-lancement-de-raavi-repenser-lautodetermination-et-agir-pour-une-vie-inclusive\\\/#breadcrumb\"},\"inLanguage\":\"fr-FR\",\"potentialAction\":[{\"@type\":\"ReadAction\",\"target\":[\"https:\\\/\\\/www.raavi-project.eu\\\/fr\\\/evenements\\\/journee-de-lancement-de-raavi-repenser-lautodetermination-et-agir-pour-une-vie-inclusive\\\/\"]}]},{\"@type\":\"ImageObject\",\"inLanguage\":\"fr-FR\",\"@id\":\"https:\\\/\\\/www.raavi-project.eu\\\/fr\\\/evenements\\\/journee-de-lancement-de-raavi-repenser-lautodetermination-et-agir-pour-une-vie-inclusive\\\/#primaryimage\",\"url\":\"https:\\\/\\\/www.raavi-project.eu\\\/wp-content\\\/uploads\\\/2025\\\/02\\\/pexels-marcus-aurelius-4064337-scaled.jpg\",\"contentUrl\":\"https:\\\/\\\/www.raavi-project.eu\\\/wp-content\\\/uploads\\\/2025\\\/02\\\/pexels-marcus-aurelius-4064337-scaled.jpg\",\"width\":2560,\"height\":1706},{\"@type\":\"BreadcrumbList\",\"@id\":\"https:\\\/\\\/www.raavi-project.eu\\\/fr\\\/evenements\\\/journee-de-lancement-de-raavi-repenser-lautodetermination-et-agir-pour-une-vie-inclusive\\\/#breadcrumb\",\"itemListElement\":[{\"@type\":\"ListItem\",\"position\":1,\"name\":\"Accueil\",\"item\":\"https:\\\/\\\/www.raavi-project.eu\\\/fr\\\/\"},{\"@type\":\"ListItem\",\"position\":2,\"name\":\"\u00c9v\u00e8nements\",\"item\":\"https:\\\/\\\/www.raavi-project.eu\\\/fr\\\/vie-du-projet\\\/evenements\\\/\"},{\"@type\":\"ListItem\",\"position\":3,\"name\":\"Journ\u00e9e de lancement de RAAVI &#8211; Repenser l&rsquo;Autod\u00e9termination et Agir pour une Vie Inclusive\"}]},{\"@type\":\"WebSite\",\"@id\":\"https:\\\/\\\/www.raavi-project.eu\\\/fr\\\/#website\",\"url\":\"https:\\\/\\\/www.raavi-project.eu\\\/fr\\\/\",\"name\":\"RAAVI\",\"description\":\"Promouvoir l\u2019autod\u00e9termination et l\u2019inclusion des personnes en situation de handicap\",\"publisher\":{\"@id\":\"https:\\\/\\\/www.raavi-project.eu\\\/fr\\\/#organization\"},\"potentialAction\":[{\"@type\":\"SearchAction\",\"target\":{\"@type\":\"EntryPoint\",\"urlTemplate\":\"https:\\\/\\\/www.raavi-project.eu\\\/fr\\\/?s={search_term_string}\"},\"query-input\":{\"@type\":\"PropertyValueSpecification\",\"valueRequired\":true,\"valueName\":\"search_term_string\"}}],\"inLanguage\":\"fr-FR\"},{\"@type\":\"Organization\",\"@id\":\"https:\\\/\\\/www.raavi-project.eu\\\/fr\\\/#organization\",\"name\":\"RAAVI\",\"url\":\"https:\\\/\\\/www.raavi-project.eu\\\/fr\\\/\",\"logo\":{\"@type\":\"ImageObject\",\"inLanguage\":\"fr-FR\",\"@id\":\"https:\\\/\\\/www.raavi-project.eu\\\/fr\\\/#\\\/schema\\\/logo\\\/image\\\/\",\"url\":\"https:\\\/\\\/www.raavi-project.eu\\\/wp-content\\\/uploads\\\/2025\\\/02\\\/Fichier-1@2x.png\",\"contentUrl\":\"https:\\\/\\\/www.raavi-project.eu\\\/wp-content\\\/uploads\\\/2025\\\/02\\\/Fichier-1@2x.png\",\"width\":530,\"height\":245,\"caption\":\"RAAVI\"},\"image\":{\"@id\":\"https:\\\/\\\/www.raavi-project.eu\\\/fr\\\/#\\\/schema\\\/logo\\\/image\\\/\"},\"sameAs\":[\"https:\\\/\\\/www.facebook.com\\\/RAAVIproject\",\"https:\\\/\\\/www.linkedin.com\\\/company\\\/raavi-project\\\/\"]},{\"@type\":\"Person\",\"@id\":\"https:\\\/\\\/www.raavi-project.eu\\\/fr\\\/#\\\/schema\\\/person\\\/d95ee0cbd89fb043d42dfca079acdb21\",\"name\":\"btourbier\",\"image\":{\"@type\":\"ImageObject\",\"inLanguage\":\"fr-FR\",\"@id\":\"https:\\\/\\\/secure.gravatar.com\\\/avatar\\\/ede517e541c034054feafdd8a7a03fd3293fc75d1b87991c98533026c9921d33?s=96&d=mm&r=g\",\"url\":\"https:\\\/\\\/secure.gravatar.com\\\/avatar\\\/ede517e541c034054feafdd8a7a03fd3293fc75d1b87991c98533026c9921d33?s=96&d=mm&r=g\",\"contentUrl\":\"https:\\\/\\\/secure.gravatar.com\\\/avatar\\\/ede517e541c034054feafdd8a7a03fd3293fc75d1b87991c98533026c9921d33?s=96&d=mm&r=g\",\"caption\":\"btourbier\"},\"sameAs\":[\"https:\\\/\\\/www.raavi-project.eu\"],\"url\":\"https:\\\/\\\/www.raavi-project.eu\\\/fr\\\/author\\\/btourbier\\\/\"}]}<\/script>\n<!-- \/ Yoast SEO plugin. -->","yoast_head_json":{"title":"Journ\u00e9e de lancement de RAAVI - Repenser l'Autod\u00e9termination et Agir pour une Vie Inclusive - RAAVI","description":"Retour sur la journ\u00e9e de lancement du projet RAAVI : \u00e9changes, t\u00e9moignages et pr\u00e9sentations pour poser les bases d\u2019une nouvelle approche de l\u2019autod\u00e9termination dans le m\u00e9dico-social.","robots":{"index":"index","follow":"follow","max-snippet":"max-snippet:-1","max-image-preview":"max-image-preview:large","max-video-preview":"max-video-preview:-1"},"canonical":"https:\/\/www.raavi-project.eu\/fr\/evenements\/journee-de-lancement-de-raavi-repenser-lautodetermination-et-agir-pour-une-vie-inclusive\/","og_locale":"fr_FR","og_type":"article","og_title":"Journ\u00e9e de lancement de RAAVI - Repenser l'Autod\u00e9termination et Agir pour une Vie Inclusive - RAAVI","og_description":"Retour sur la journ\u00e9e de lancement du projet RAAVI : \u00e9changes, t\u00e9moignages et pr\u00e9sentations pour poser les bases d\u2019une nouvelle approche de l\u2019autod\u00e9termination dans le m\u00e9dico-social.","og_url":"https:\/\/www.raavi-project.eu\/fr\/evenements\/journee-de-lancement-de-raavi-repenser-lautodetermination-et-agir-pour-une-vie-inclusive\/","og_site_name":"RAAVI","article_publisher":"https:\/\/www.facebook.com\/RAAVIproject","article_published_time":"2025-03-10T13:43:09+00:00","article_modified_time":"2025-03-11T09:24:28+00:00","og_image":[{"width":2560,"height":1706,"url":"https:\/\/www.raavi-project.eu\/wp-content\/uploads\/2025\/02\/pexels-marcus-aurelius-4064337-scaled.jpg","type":"image\/jpeg"}],"author":"btourbier","twitter_card":"summary_large_image","schema":{"@context":"https:\/\/schema.org","@graph":[{"@type":"Article","@id":"https:\/\/www.raavi-project.eu\/fr\/evenements\/journee-de-lancement-de-raavi-repenser-lautodetermination-et-agir-pour-une-vie-inclusive\/#article","isPartOf":{"@id":"https:\/\/www.raavi-project.eu\/fr\/evenements\/journee-de-lancement-de-raavi-repenser-lautodetermination-et-agir-pour-une-vie-inclusive\/"},"author":{"name":"btourbier","@id":"https:\/\/www.raavi-project.eu\/fr\/#\/schema\/person\/d95ee0cbd89fb043d42dfca079acdb21"},"headline":"Journ\u00e9e de lancement de RAAVI &#8211; Repenser l&rsquo;Autod\u00e9termination et Agir pour une Vie Inclusive","datePublished":"2025-03-10T13:43:09+00:00","dateModified":"2025-03-11T09:24:28+00:00","mainEntityOfPage":{"@id":"https:\/\/www.raavi-project.eu\/fr\/evenements\/journee-de-lancement-de-raavi-repenser-lautodetermination-et-agir-pour-une-vie-inclusive\/"},"wordCount":215,"commentCount":0,"publisher":{"@id":"https:\/\/www.raavi-project.eu\/fr\/#organization"},"image":{"@id":"https:\/\/www.raavi-project.eu\/fr\/evenements\/journee-de-lancement-de-raavi-repenser-lautodetermination-et-agir-pour-une-vie-inclusive\/#primaryimage"},"thumbnailUrl":"https:\/\/www.raavi-project.eu\/wp-content\/uploads\/2025\/02\/pexels-marcus-aurelius-4064337-scaled.jpg","articleSection":["\u00c9v\u00e8nements"],"inLanguage":"fr-FR","potentialAction":[{"@type":"CommentAction","name":"Comment","target":["https:\/\/www.raavi-project.eu\/fr\/evenements\/journee-de-lancement-de-raavi-repenser-lautodetermination-et-agir-pour-une-vie-inclusive\/#respond"]}]},{"@type":"WebPage","@id":"https:\/\/www.raavi-project.eu\/fr\/evenements\/journee-de-lancement-de-raavi-repenser-lautodetermination-et-agir-pour-une-vie-inclusive\/","url":"https:\/\/www.raavi-project.eu\/fr\/evenements\/journee-de-lancement-de-raavi-repenser-lautodetermination-et-agir-pour-une-vie-inclusive\/","name":"Journ\u00e9e de lancement de RAAVI - Repenser l'Autod\u00e9termination et Agir pour une Vie Inclusive - RAAVI","isPartOf":{"@id":"https:\/\/www.raavi-project.eu\/fr\/#website"},"primaryImageOfPage":{"@id":"https:\/\/www.raavi-project.eu\/fr\/evenements\/journee-de-lancement-de-raavi-repenser-lautodetermination-et-agir-pour-une-vie-inclusive\/#primaryimage"},"image":{"@id":"https:\/\/www.raavi-project.eu\/fr\/evenements\/journee-de-lancement-de-raavi-repenser-lautodetermination-et-agir-pour-une-vie-inclusive\/#primaryimage"},"thumbnailUrl":"https:\/\/www.raavi-project.eu\/wp-content\/uploads\/2025\/02\/pexels-marcus-aurelius-4064337-scaled.jpg","datePublished":"2025-03-10T13:43:09+00:00","dateModified":"2025-03-11T09:24:28+00:00","description":"Retour sur la journ\u00e9e de lancement du projet RAAVI : \u00e9changes, t\u00e9moignages et pr\u00e9sentations pour poser les bases d\u2019une nouvelle approche de l\u2019autod\u00e9termination dans le m\u00e9dico-social.","breadcrumb":{"@id":"https:\/\/www.raavi-project.eu\/fr\/evenements\/journee-de-lancement-de-raavi-repenser-lautodetermination-et-agir-pour-une-vie-inclusive\/#breadcrumb"},"inLanguage":"fr-FR","potentialAction":[{"@type":"ReadAction","target":["https:\/\/www.raavi-project.eu\/fr\/evenements\/journee-de-lancement-de-raavi-repenser-lautodetermination-et-agir-pour-une-vie-inclusive\/"]}]},{"@type":"ImageObject","inLanguage":"fr-FR","@id":"https:\/\/www.raavi-project.eu\/fr\/evenements\/journee-de-lancement-de-raavi-repenser-lautodetermination-et-agir-pour-une-vie-inclusive\/#primaryimage","url":"https:\/\/www.raavi-project.eu\/wp-content\/uploads\/2025\/02\/pexels-marcus-aurelius-4064337-scaled.jpg","contentUrl":"https:\/\/www.raavi-project.eu\/wp-content\/uploads\/2025\/02\/pexels-marcus-aurelius-4064337-scaled.jpg","width":2560,"height":1706},{"@type":"BreadcrumbList","@id":"https:\/\/www.raavi-project.eu\/fr\/evenements\/journee-de-lancement-de-raavi-repenser-lautodetermination-et-agir-pour-une-vie-inclusive\/#breadcrumb","itemListElement":[{"@type":"ListItem","position":1,"name":"Accueil","item":"https:\/\/www.raavi-project.eu\/fr\/"},{"@type":"ListItem","position":2,"name":"\u00c9v\u00e8nements","item":"https:\/\/www.raavi-project.eu\/fr\/vie-du-projet\/evenements\/"},{"@type":"ListItem","position":3,"name":"Journ\u00e9e de lancement de RAAVI &#8211; Repenser l&rsquo;Autod\u00e9termination et Agir pour une Vie Inclusive"}]},{"@type":"WebSite","@id":"https:\/\/www.raavi-project.eu\/fr\/#website","url":"https:\/\/www.raavi-project.eu\/fr\/","name":"RAAVI","description":"Promouvoir l\u2019autod\u00e9termination et l\u2019inclusion des personnes en situation de handicap","publisher":{"@id":"https:\/\/www.raavi-project.eu\/fr\/#organization"},"potentialAction":[{"@type":"SearchAction","target":{"@type":"EntryPoint","urlTemplate":"https:\/\/www.raavi-project.eu\/fr\/?s={search_term_string}"},"query-input":{"@type":"PropertyValueSpecification","valueRequired":true,"valueName":"search_term_string"}}],"inLanguage":"fr-FR"},{"@type":"Organization","@id":"https:\/\/www.raavi-project.eu\/fr\/#organization","name":"RAAVI","url":"https:\/\/www.raavi-project.eu\/fr\/","logo":{"@type":"ImageObject","inLanguage":"fr-FR","@id":"https:\/\/www.raavi-project.eu\/fr\/#\/schema\/logo\/image\/","url":"https:\/\/www.raavi-project.eu\/wp-content\/uploads\/2025\/02\/Fichier-1@2x.png","contentUrl":"https:\/\/www.raavi-project.eu\/wp-content\/uploads\/2025\/02\/Fichier-1@2x.png","width":530,"height":245,"caption":"RAAVI"},"image":{"@id":"https:\/\/www.raavi-project.eu\/fr\/#\/schema\/logo\/image\/"},"sameAs":["https:\/\/www.facebook.com\/RAAVIproject","https:\/\/www.linkedin.com\/company\/raavi-project\/"]},{"@type":"Person","@id":"https:\/\/www.raavi-project.eu\/fr\/#\/schema\/person\/d95ee0cbd89fb043d42dfca079acdb21","name":"btourbier","image":{"@type":"ImageObject","inLanguage":"fr-FR","@id":"https:\/\/secure.gravatar.com\/avatar\/ede517e541c034054feafdd8a7a03fd3293fc75d1b87991c98533026c9921d33?s=96&d=mm&r=g","url":"https:\/\/secure.gravatar.com\/avatar\/ede517e541c034054feafdd8a7a03fd3293fc75d1b87991c98533026c9921d33?s=96&d=mm&r=g","contentUrl":"https:\/\/secure.gravatar.com\/avatar\/ede517e541c034054feafdd8a7a03fd3293fc75d1b87991c98533026c9921d33?s=96&d=mm&r=g","caption":"btourbier"},"sameAs":["https:\/\/www.raavi-project.eu"],"url":"https:\/\/www.raavi-project.eu\/fr\/author\/btourbier\/"}]}},"_links":{"self":[{"href":"https:\/\/www.raavi-project.eu\/fr\/wp-json\/wp\/v2\/posts\/1327","targetHints":{"allow":["GET"]}}],"collection":[{"href":"https:\/\/www.raavi-project.eu\/fr\/wp-json\/wp\/v2\/posts"}],"about":[{"href":"https:\/\/www.raavi-project.eu\/fr\/wp-json\/wp\/v2\/types\/post"}],"author":[{"embeddable":true,"href":"https:\/\/www.raavi-project.eu\/fr\/wp-json\/wp\/v2\/users\/2"}],"replies":[{"embeddable":true,"href":"https:\/\/www.raavi-project.eu\/fr\/wp-json\/wp\/v2\/comments?post=1327"}],"version-history":[{"count":2,"href":"https:\/\/www.raavi-project.eu\/fr\/wp-json\/wp\/v2\/posts\/1327\/revisions"}],"predecessor-version":[{"id":1470,"href":"https:\/\/www.raavi-project.eu\/fr\/wp-json\/wp\/v2\/posts\/1327\/revisions\/1470"}],"wp:featuredmedia":[{"embeddable":true,"href":"https:\/\/www.raavi-project.eu\/fr\/wp-json\/wp\/v2\/media\/572"}],"wp:attachment":[{"href":"https:\/\/www.raavi-project.eu\/fr\/wp-json\/wp\/v2\/media?parent=1327"}],"wp:term":[{"taxonomy":"category","embeddable":true,"href":"https:\/\/www.raavi-project.eu\/fr\/wp-json\/wp\/v2\/categories?post=1327"},{"taxonomy":"post_tag","embeddable":true,"href":"https:\/\/www.raavi-project.eu\/fr\/wp-json\/wp\/v2\/tags?post=1327"}],"curies":[{"name":"wp","href":"https:\/\/api.w.org\/{rel}","templated":true}]}}